{"id":4084,"date":"2024-09-30T13:15:55","date_gmt":"2024-09-30T11:15:55","guid":{"rendered":"https:\/\/www.economiacivile.it\/online\/?p=4084"},"modified":"2025-03-11T17:05:49","modified_gmt":"2025-03-11T16:05:49","slug":"larcobaleno-del-potere","status":"publish","type":"post","link":"https:\/\/www.economiacivile.it\/online\/larcobaleno-del-potere\/","title":{"rendered":"L&#8217;arcobaleno del potere"},"content":{"rendered":"\n<p>Luned\u00ec 30 settembre 2024, in occasione del Festival della Scienza e della Ricerca, il DEIM in collaborazione con il Dottorato di Economia, Management e Metodi Quantitativi ha organizzato una lectio magistralis del Prof. Alessandro Roncaglia presso l&#8217;Universit\u00e0 della Tuscia (Viterbo).<\/p>\n\n\n\n<p>Alessandro Roncaglia \u00e8 autore del libro \u201cIl potere. Una prospettiva riformista&#8221; (Laterza 2023):<\/p>\n\n\n\n<p>\u201c<em>Chiunque desideri migliorare la societ\u00e0 in cui viviamo deve porsi il problema del potere. Non si tratta di elaborarne una teoria astratta, ma di analizzarne&nbsp;i diversi aspetti per un uso politico finalizzato alla riduzione delle diseguaglianze di potere.<\/em><\/p>\n\n\n\n<p><em>\u00c8 importante ragionare sul potere per comprenderne la natura, ma soprattutto per conoscerne la distribuzione nella societ\u00e0. Ecco perch\u00e9 questo libro non ha l\u2019obiettivo di elaborare una teoria astratta del potere, ma di illustrarne i diversi aspetti per un uso politico, finalizzato alla realizzazione di riforme di struttura: un utilizzo trasformativo e non conservatore, volto al cambiamento e non alla difesa dell\u2019esistente<\/em>.\u201d<\/p>\n\n\n\n<p>La registrazione della lectio \u00e8 disponibile qui  <a href=\"https:\/\/youtu.be\/5aD3D3cw9ns?si=CNBpmT7FiMoURF7e\" data-type=\"link\" data-id=\"https:\/\/youtu.be\/5aD3D3cw9ns?si=CNBpmT7FiMoURF7e\">https:\/\/youtu.be\/5aD3D3cw9ns?si=CNBpmT7FiMoURF7e<\/a><\/p>\n\n\n\n<p><\/p>\n","protected":false},"excerpt":{"rendered":"<p>Luned\u00ec 30 settembre 2024, in occasione del Festival della Scienza e della Ricerca, il DEIM in collaborazione con il Dottorato di Economia, Management e Metodi Quantitativi ha organizzato una lectio magistralis del Prof. Alessandro Roncaglia presso l&#8217;Universit\u00e0 della Tuscia (Viterbo). Alessandro Roncaglia \u00e8 autore del libro \u201cIl potere. Una prospettiva riformista&#8221; (Laterza 2023): \u201cChiunque desideri [&hellip;]<\/p>\n","protected":false},"author":3,"featured_media":0,"comment_status":"closed","ping_status":"","sticky":false,"template":"","format":"standard","meta":{"footnotes":""},"categories":[1],"tags":[],"class_list":["post-4084","post","type-post","status-publish","format-standard","hentry","category-notizie"],"_links":{"self":[{"href":"https:\/\/www.economiacivile.it\/online\/wp-json\/wp\/v2\/posts\/4084","targetHints":{"allow":["GET"]}}],"collection":[{"href":"https:\/\/www.economiacivile.it\/online\/wp-json\/wp\/v2\/posts"}],"about":[{"href":"https:\/\/www.economiacivile.it\/online\/wp-json\/wp\/v2\/types\/post"}],"author":[{"embeddable":true,"href":"https:\/\/www.economiacivile.it\/online\/wp-json\/wp\/v2\/users\/3"}],"replies":[{"embeddable":true,"href":"https:\/\/www.economiacivile.it\/online\/wp-json\/wp\/v2\/comments?post=4084"}],"version-history":[{"count":5,"href":"https:\/\/www.economiacivile.it\/online\/wp-json\/wp\/v2\/posts\/4084\/revisions"}],"predecessor-version":[{"id":4098,"href":"https:\/\/www.economiacivile.it\/online\/wp-json\/wp\/v2\/posts\/4084\/revisions\/4098"}],"wp:attachment":[{"href":"https:\/\/www.economiacivile.it\/online\/wp-json\/wp\/v2\/media?parent=4084"}],"wp:term":[{"taxonomy":"category","embeddable":true,"href":"https:\/\/www.economiacivile.it\/online\/wp-json\/wp\/v2\/categories?post=4084"},{"taxonomy":"post_tag","embeddable":true,"href":"https:\/\/www.economiacivile.it\/online\/wp-json\/wp\/v2\/tags?post=4084"}],"curies":[{"name":"wp","href":"https:\/\/api.w.org\/{rel}","templated":true}]}}